{"id":1178,"date":"2023-04-23T19:26:38","date_gmt":"2023-04-23T19:26:38","guid":{"rendered":"https:\/\/lenahaubner.de\/?p=1178"},"modified":"2023-04-23T19:33:02","modified_gmt":"2023-04-23T19:33:02","slug":"institut-fuer-sozialforschung","status":"publish","type":"post","link":"https:\/\/lenahaubner.de\/?p=1178","title":{"rendered":"Institut f\u00fcr Sozialforschung"},"content":{"rendered":"\n<p><strong>Corporate Design f\u00fcr das Institut f\u00fcr Sozialforschung in Frankfurt am Main<br><\/strong><br><em>\u00bbDie kritische Theorie erkl\u00e4rt: es muss nicht so sein, die Menschen k\u00f6nnen das Sein \u00e4ndern, die Umst\u00e4nde daf\u00fcr sind jetzt vorhanden.\u00ab<\/em><br>Max Horkheimer, 1937<\/p>\n\n\n\n<p>Gegr\u00fcndet und er\u00f6ffnet in den Jahren 1923\/24, steht das Institut f\u00fcr Sozialforschung seither f\u00fcr eine kritische Theorie der Gesellschaft, die den herrschenden sozialen Verh\u00e4ltnissen den Spiegel ihrer uneingel\u00f6sten M\u00f6glichkeiten vorh\u00e4lt. Es begreift sich als ein Ort kooperativer, \u00f6ffentlicher und intervenierender Gesellschaftswissenschaft. Seit 2022 verantworte ich den gestalterischen Au\u00dfenauftritt des Instituts.<\/p>\n\n\n\n<figure class=\"wp-block-gallery has-nested-images columns-default is-cropped wp-block-gallery-1 is-layout-flex wp-block-gallery-is-layout-flex\">\n<figure class=\"wp-block-image size-full\"><img loading=\"lazy\" decoding=\"async\" width=\"2560\" height=\"1809\" data-id=\"1180\" src=\"https:\/\/lenahaubner.de\/wp-content\/uploads\/2023\/04\/Teaser40-edited-scaled.jpg\" alt=\"\" class=\"wp-image-1180\" srcset=\"https:\/\/lenahaubner.de\/wp-content\/uploads\/2023\/04\/Teaser40-edited-scaled.jpg 2560w, https:\/\/lenahaubner.de\/wp-content\/uploads\/2023\/04\/Teaser40-edited-300x212.jpg 300w, https:\/\/lenahaubner.de\/wp-content\/uploads\/2023\/04\/Teaser40-edited-500x353.jpg 500w, https:\/\/lenahaubner.de\/wp-content\/uploads\/2023\/04\/Teaser40-edited-768x543.jpg 768w, https:\/\/lenahaubner.de\/wp-content\/uploads\/2023\/04\/Teaser40-edited-1536x1086.jpg 1536w, https:\/\/lenahaubner.de\/wp-content\/uploads\/2023\/04\/Teaser40-edited-2048x1448.jpg 2048w\" sizes=\"auto, (max-width: 2560px) 100vw, 2560px\" \/><\/figure>\n<\/figure>\n\n\n\n<figure class=\"wp-block-gallery has-nested-images columns-default is-cropped wp-block-gallery-2 is-layout-flex wp-block-gallery-is-layout-flex\">\n<figure class=\"wp-block-image size-full\"><img loading=\"lazy\" decoding=\"async\" width=\"1500\" height=\"1060\" data-id=\"1183\" src=\"https:\/\/lenahaubner.de\/wp-content\/uploads\/2023\/04\/Teaser-IfS-1.gif\" alt=\"\" class=\"wp-image-1183\"\/><\/figure>\n<\/figure>\n","protected":false},"excerpt":{"rendered":"<p>Corporate Design f\u00fcr das Institut f\u00fcr Sozialforschung in Frankfurt am Main\u00bbDie kritische Theorie erkl\u00e4rt: es muss nicht so sein, die Menschen k\u00f6nnen das Sein \u00e4ndern, die Umst\u00e4nde daf\u00fcr sind jetzt vorhanden.\u00abMax Horkheimer, 1937 Gegr\u00fcndet und er\u00f6ffnet in den Jahren 1923\/24, steht das Institut f\u00fcr Sozialforschung seither f\u00fcr eine kritische Theorie der Gesellschaft, die den herrschenden sozialen Verh\u00e4ltnissen den Spiegel ihrer uneingel\u00f6sten M\u00f6glichkeiten vorh\u00e4lt. Es begreift sich als ein Ort kooperativer,&hellip;<\/p>\n","protected":false},"author":1,"featured_media":1185,"comment_status":"closed","ping_status":"closed","sticky":false,"template":"","format":"standard","meta":{"footnotes":""},"categories":[5,10],"tags":[],"class_list":["post-1178","post","type-post","status-publish","format-standard","has-post-thumbnail","hentry","category-buero","category-identitaet"],"_links":{"self":[{"href":"https:\/\/lenahaubner.de\/index.php?rest_route=\/wp\/v2\/posts\/1178","targetHints":{"allow":["GET"]}}],"collection":[{"href":"https:\/\/lenahaubner.de\/index.php?rest_route=\/wp\/v2\/posts"}],"about":[{"href":"https:\/\/lenahaubner.de\/index.php?rest_route=\/wp\/v2\/types\/post"}],"author":[{"embeddable":true,"href":"https:\/\/lenahaubner.de\/index.php?rest_route=\/wp\/v2\/users\/1"}],"replies":[{"embeddable":true,"href":"https:\/\/lenahaubner.de\/index.php?rest_route=%2Fwp%2Fv2%2Fcomments&post=1178"}],"version-history":[{"count":3,"href":"https:\/\/lenahaubner.de\/index.php?rest_route=\/wp\/v2\/posts\/1178\/revisions"}],"predecessor-version":[{"id":1186,"href":"https:\/\/lenahaubner.de\/index.php?rest_route=\/wp\/v2\/posts\/1178\/revisions\/1186"}],"wp:featuredmedia":[{"embeddable":true,"href":"https:\/\/lenahaubner.de\/index.php?rest_route=\/wp\/v2\/media\/1185"}],"wp:attachment":[{"href":"https:\/\/lenahaubner.de\/index.php?rest_route=%2Fwp%2Fv2%2Fmedia&parent=1178"}],"wp:term":[{"taxonomy":"category","embeddable":true,"href":"https:\/\/lenahaubner.de\/index.php?rest_route=%2Fwp%2Fv2%2Fcategories&post=1178"},{"taxonomy":"post_tag","embeddable":true,"href":"https:\/\/lenahaubner.de\/index.php?rest_route=%2Fwp%2Fv2%2Ftags&post=1178"}],"curies":[{"name":"wp","href":"https:\/\/api.w.org\/{rel}","templated":true}]}}