{"id":500,"date":"2017-06-15T14:09:39","date_gmt":"2017-06-15T14:09:39","guid":{"rendered":"http:\/\/lenahaubner.de\/?p=500"},"modified":"2022-05-05T22:54:34","modified_gmt":"2022-05-05T22:54:34","slug":"arbeit-neu-denken","status":"publish","type":"post","link":"http:\/\/lenahaubner.de\/?p=500","title":{"rendered":"Arbeit neu denken"},"content":{"rendered":"<p><strong>Arbeit neu denken<\/strong><br \/>\nTagung vom\u00a08. bis\u00a010. Juni 2011 an der Friedrich-Schiller-Universit\u00e4t Jena<\/p>\n<div class=\"page\" title=\"Page 1\">\n<div class=\"section\">\n<div class=\"layoutArea\">\n<div class=\"column\">\n<p>In den 1980er Jahren behaupteten Sozialwissenschaftler, der Arbeitsgesellschaft gehe die Arbeit aus. Tats\u00e4chlich haben sich Erwerbs- wie Reproduktionsarbeit w\u00e4hrend der zur\u00fcckliegenden Jahrzehnte dramatisch ver\u00e4ndert. <a href='http:\/\/monumentalstudio.com\/68x12rs\/'>\u0644\u0639\u0628\u0629 \u0627\u0644\u0631\u062c\u0628\u064a<\/a>  Arbeits- und Besch\u00e4ftigungsverh\u00e4ltnisse sind f\u00fcr gro\u00dfe soziale Gruppen unsicher und somit prek\u00e4r geworden. <a href='https:\/\/joescuba.com\/n0o0kh3\/'>bout q<\/a>  Dennoch hat Erwerbsarbeit nicht an Bedeutung verloren \u2013 im Gegenteil: Arbeits- und Verteilungskonflikte gewinnen wieder an Intensit\u00e4t. <a href='https:\/\/webandweb.es\/o638rdod\/'>\u0623\u0639\u0645\u0627\u0644 \u0641\u064a \u0627\u0644\u0645\u0646\u0632\u0644 \u062a\u062c\u0644\u0628 \u0627\u0644\u0645\u0627\u0644<\/a><br \/>\nOffenkundig ist es notwendig, \u00fcber Arbeit neu nachzudenken. Dies geschah im Rahmen einer Konferenz des JenZiG, die ein Diskussionsforum f\u00fcr Interessierte aus Wissenschaft, Politik, Wirtschaft und Gewerkschaften bot.<\/p>\n<p><span style=\"font-size: small\"><strong>Gestaltung von Plakat und Faltblatt<\/strong><br \/>\nZweifarbiger Offsetdruck<br \/>\n2011<\/span><\/p>\n<p><span style=\"font-size: small\">Veranstaltung organisiert vom\u00a0Jenaer Zentrum f\u00fcr<br \/>\ninterdisziplin\u00e4re Gesellschaftsforschung (JenZiG)<\/span><\/p>\n<p><img loading=\"lazy\" decoding=\"async\" class=\"alignleft wp-image-503 size-full\" src=\"http:\/\/lenahaubner.de\/wp-content\/uploads\/2017\/06\/LHaubner_Arbeitdenken_01.jpg\" alt=\"\" width=\"1500\" height=\"874\" srcset=\"http:\/\/lenahaubner.de\/wp-content\/uploads\/2017\/06\/LHaubner_Arbeitdenken_01.jpg 1500w, http:\/\/lenahaubner.de\/wp-content\/uploads\/2017\/06\/LHaubner_Arbeitdenken_01-300x175.jpg 300w, http:\/\/lenahaubner.de\/wp-content\/uploads\/2017\/06\/LHaubner_Arbeitdenken_01-768x447.jpg 768w, http:\/\/lenahaubner.de\/wp-content\/uploads\/2017\/06\/LHaubner_Arbeitdenken_01-500x291.jpg 500w\" sizes=\"auto, (max-width: 1500px) 100vw, 1500px\" \/><\/p>\n","protected":false},"excerpt":{"rendered":"<p>Arbeit neu denken Tagung vom\u00a08. bis\u00a010. Juni 2011 an der Friedrich-Schiller-Universit\u00e4t Jena In den 1980er Jahren behaupteten Sozialwissenschaftler, der Arbeitsgesellschaft gehe die Arbeit aus. Tats\u00e4chlich haben sich Erwerbs- wie Reproduktionsarbeit w\u00e4hrend der zur\u00fcckliegenden Jahrzehnte dramatisch ver\u00e4ndert. \u0644\u0639\u0628\u0629 \u0627\u0644\u0631\u062c\u0628\u064a Arbeits- und Besch\u00e4ftigungsverh\u00e4ltnisse sind f\u00fcr gro\u00dfe soziale Gruppen unsicher und somit prek\u00e4r geworden. bout q Dennoch hat Erwerbsarbeit nicht an Bedeutung verloren \u2013 im Gegenteil: Arbeits- und Verteilungskonflikte gewinnen wieder an Intensit\u00e4t.&hellip;<\/p>\n","protected":false},"author":1,"featured_media":553,"comment_status":"closed","ping_status":"closed","sticky":false,"template":"","format":"standard","meta":{"footnotes":""},"categories":[5,9],"tags":[],"class_list":["post-500","post","type-post","status-publish","format-standard","has-post-thumbnail","hentry","category-buero","category-veranstaltung"],"_links":{"self":[{"href":"http:\/\/lenahaubner.de\/index.php?rest_route=\/wp\/v2\/posts\/500","targetHints":{"allow":["GET"]}}],"collection":[{"href":"http:\/\/lenahaubner.de\/index.php?rest_route=\/wp\/v2\/posts"}],"about":[{"href":"http:\/\/lenahaubner.de\/index.php?rest_route=\/wp\/v2\/types\/post"}],"author":[{"embeddable":true,"href":"http:\/\/lenahaubner.de\/index.php?rest_route=\/wp\/v2\/users\/1"}],"replies":[{"embeddable":true,"href":"http:\/\/lenahaubner.de\/index.php?rest_route=%2Fwp%2Fv2%2Fcomments&post=500"}],"version-history":[{"count":6,"href":"http:\/\/lenahaubner.de\/index.php?rest_route=\/wp\/v2\/posts\/500\/revisions"}],"predecessor-version":[{"id":1034,"href":"http:\/\/lenahaubner.de\/index.php?rest_route=\/wp\/v2\/posts\/500\/revisions\/1034"}],"wp:featuredmedia":[{"embeddable":true,"href":"http:\/\/lenahaubner.de\/index.php?rest_route=\/wp\/v2\/media\/553"}],"wp:attachment":[{"href":"http:\/\/lenahaubner.de\/index.php?rest_route=%2Fwp%2Fv2%2Fmedia&parent=500"}],"wp:term":[{"taxonomy":"category","embeddable":true,"href":"http:\/\/lenahaubner.de\/index.php?rest_route=%2Fwp%2Fv2%2Fcategories&post=500"},{"taxonomy":"post_tag","embeddable":true,"href":"http:\/\/lenahaubner.de\/index.php?rest_route=%2Fwp%2Fv2%2Ftags&post=500"}],"curies":[{"name":"wp","href":"https:\/\/api.w.org\/{rel}","templated":true}]}}